{"id":22848,"date":"2024-08-02T19:51:23","date_gmt":"2024-08-02T19:51:23","guid":{"rendered":"https:\/\/vegagroup.al\/rendesia-e-makinave-elektrike\/"},"modified":"2025-02-28T16:05:46","modified_gmt":"2025-02-28T16:05:46","slug":"rendesia-e-makinave-elektrike","status":"publish","type":"post","link":"https:\/\/vegagroup.al\/sq\/rendesia-e-makinave-elektrike\/","title":{"rendered":"P\u00ebrshpejtimi drejt nj\u00eb t\u00eb ardhmeje m\u00eb t\u00eb gjelb\u00ebr: R\u00ebnd\u00ebsia e makinave elektrike"},"content":{"rendered":"&#13;\n<p class=\"\">Nd\u00ebrsa komuniteti global b\u00ebhet m\u00eb i nd\u00ebrgjegjsh\u00ebm p\u00ebr q\u00ebndrueshm\u00ebrin\u00eb mjedisore, automjetet elektrike (EV) po fitojn\u00eb v\u00ebmendje t\u00eb konsiderueshme. Kalimi nga motor\u00ebt me djegie tradicionale te makinat elektrike \u00ebsht\u00eb thelb\u00ebsor p\u00ebr reduktimin e ndikimit mjedisor dhe nxitjen e nj\u00eb t\u00eb ardhmeje t\u00eb q\u00ebndrueshme. Ja pse makinat elektrike po b\u00ebhen t\u00eb domosdoshme n\u00eb rrug\u00ebtimin ton\u00eb drejt p\u00ebrgjegj\u00ebsis\u00eb ekologjike.  <\/p>&#13;\n&#13;\n<h2 class=\"wp-block-heading\">Reduktimi i emetimeve t\u00eb karbonit<\/h2>&#13;\n&#13;\n<p class=\"\">Makinat elektrike jan\u00eb thelb\u00ebsore n\u00eb luft\u00ebn kund\u00ebr ndryshimeve klimatike p\u00ebr shkak t\u00eb emetimeve t\u00eb tyre zero n\u00eb tubin e gazit. Automjetet tradicionale l\u00ebshojn\u00eb sasi t\u00eb m\u00ebdha t\u00eb dioksidit t\u00eb karbonit dhe gazrave t\u00eb tjer\u00eb t\u00eb d\u00ebmsh\u00ebm, duke kontribuar ndjesh\u00ebm n\u00eb ndotjen e ajrit dhe ngrohjen globale. N\u00eb t\u00eb kund\u00ebrt, EV ofrojn\u00eb nj\u00eb mjet transporti m\u00eb t\u00eb past\u00ebr dhe m\u00eb t\u00eb q\u00ebndruesh\u00ebm, ve\u00e7an\u00ebrisht kur ngarkohen nga burime t\u00eb rinovueshme t\u00eb energjis\u00eb.  <\/p>&#13;\n&#13;\n<h2 class=\"wp-block-heading\">Efikasiteti i Energjis\u00eb<\/h2>&#13;\n&#13;\n<p class=\"\">Makinat elektrike jan\u00eb n\u00eb thelb m\u00eb efikase se homolog\u00ebt e tyre me benzin\u00eb. Ata konvertojn\u00eb mbi 60% t\u00eb energjis\u00eb elektrike nga rrjeti n\u00eb fuqi n\u00eb rrota, krahasuar me rreth 20% p\u00ebr automjetet me benzin\u00eb. Ky efikasitet i rritur rezulton n\u00eb m\u00eb pak konsum t\u00eb energjis\u00eb dhe, m\u00eb e r\u00ebnd\u00ebsishmja, kosto m\u00eb t\u00eb ul\u00ebta operative p\u00ebr konsumator\u00ebt.  <\/p>&#13;\n&#13;\n<h2 class=\"wp-block-heading\">Inovacioni Teknologjik dhe Rritja Ekonomike<\/h2>&#13;\n&#13;\n<p class=\"\">Rritja e makinave elektrike nxit risi t\u00eb r\u00ebnd\u00ebsishme teknologjike n\u00eb ruajtjen e baterive, menaxhimin e energjis\u00eb dhe dizajnin e automobilave. Kjo risi jo vet\u00ebm q\u00eb p\u00ebrmir\u00ebson vet\u00eb automjetet, por gjithashtu stimulon rritjen ekonomike duke krijuar industri t\u00eb reja dhe mund\u00ebsi pun\u00ebsimi n\u00eb teknologjin\u00eb e gjelb\u00ebr. <\/p>&#13;\n&#13;\n<h2 class=\"wp-block-heading\">Stimujt qeveritar\u00eb<\/h2>&#13;\n&#13;\n<p class=\"\">Shum\u00eb qeveri n\u00eb mbar\u00eb bot\u00ebn po mb\u00ebshtesin kalimin drejt automjeteve elektrike p\u00ebrmes stimujve t\u00eb till\u00eb si zbritjet e taksave, grantet dhe subvencionet. K\u00ebto stimuj i b\u00ebjn\u00eb EV m\u00eb t\u00eb aksesueshme p\u00ebr nj\u00eb gam\u00eb m\u00eb t\u00eb gjer\u00eb konsumator\u00ebsh dhe inkurajojn\u00eb investimet n\u00eb infrastruktur\u00ebn p\u00ebrkat\u00ebse si stacionet e karikimit. <\/p>&#13;\n&#13;\n<h2 class=\"wp-block-heading\">Ulja e var\u00ebsis\u00eb nga l\u00ebnd\u00ebt djeg\u00ebse fosile<\/h2>&#13;\n&#13;\n<p class=\"\">Duke adoptuar automjete elektrike, shoq\u00ebrit\u00eb mund t\u00eb zvog\u00eblojn\u00eb var\u00ebsin\u00eb e tyre nga nafta dhe l\u00ebnd\u00ebt djeg\u00ebse t\u00eb tjera fosile. Ky ndryshim jo vet\u00ebm q\u00eb rrit sigurin\u00eb e energjis\u00eb, por gjithashtu mbron ekonomit\u00eb nga paq\u00ebndrueshm\u00ebria e \u00e7mimit t\u00eb naft\u00ebs dhe tensionet gjeopolitike q\u00eb lidhen me rrug\u00ebt e furnizimit me naft\u00eb. <\/p>&#13;\n&#13;\n<h2 class=\"wp-block-heading\">P\u00ebrmir\u00ebsimi i sh\u00ebndetit publik<\/h2>&#13;\n&#13;\n<p class=\"\">Makinat elektrike kontribuojn\u00eb n\u00eb aj\u00ebr m\u00eb t\u00eb past\u00ebr, gj\u00eb q\u00eb mund t\u00eb p\u00ebrmir\u00ebsoj\u00eb ndjesh\u00ebm sh\u00ebndetin publik. Duke reduktuar numrin e motor\u00ebve me djegie t\u00eb brendshme n\u00eb rrug\u00eb, ne mund t\u00eb ulim prevalenc\u00ebn e s\u00ebmundjeve t\u00eb frym\u00ebmarrjes dhe kardiovaskulare q\u00eb lidhen me ndotjen e ajrit, duke \u00e7uar n\u00eb komunitete m\u00eb t\u00eb sh\u00ebndetshme. <\/p>&#13;\n&#13;\n<h2 class=\"wp-block-heading\">Rast Studimi: Revolucioni Elektrik i Norvegjis\u00eb<\/h2>&#13;\n&#13;\n<p class=\"\">Norvegjia po kryeson tarif\u00ebn n\u00eb adoptimin e automjeteve elektrike, me EV q\u00eb p\u00ebrb\u00ebjn\u00eb rreth 60% t\u00eb shitjeve t\u00eb makinave t\u00eb reja. I mb\u00ebshtetur nga politika t\u00eb forta qeveritare, infrastruktura e gjer\u00eb karikimi dhe stimuj t\u00eb konsideruesh\u00ebm, modeli i Norvegjis\u00eb demonstron integrimin e suksessh\u00ebm t\u00eb makinave elektrike n\u00eb jet\u00ebn e p\u00ebrditshme, duke sh\u00ebrbyer si nj\u00eb plan p\u00ebr kombet e tjera. <\/p>&#13;\n","protected":false},"excerpt":{"rendered":"<p>&#13; Nd\u00ebrsa komuniteti global b\u00ebhet m\u00eb i nd\u00ebrgjegjsh\u00ebm p\u00ebr q\u00ebndrueshm\u00ebrin\u00eb mjedisore, automjetet elektrike (EV) po fitojn\u00eb v\u00ebmendje t\u00eb konsiderueshme. Kalimi nga motor\u00ebt me djegie tradicionale te makinat elektrike \u00ebsht\u00eb thelb\u00ebsor p\u00ebr reduktimin e ndikimit mjedisor dhe nxitjen e nj\u00eb t\u00eb ardhmeje t\u00eb q\u00ebndrueshme. Ja pse makinat elektrike po b\u00ebhen t\u00eb domosdoshme n\u00eb rrug\u00ebtimin ton\u00eb drejt [&hellip;]<\/p>\n","protected":false},"author":4,"featured_media":22014,"comment_status":"open","ping_status":"open","sticky":false,"template":"","format":"gallery","meta":{"_acf_changed":false,"footnotes":""},"categories":[149,121],"tags":[],"class_list":["post-22848","post","type-post","status-publish","format-gallery","has-post-thumbnail","hentry","category-blog-sq","category-vega-charging-sq","post_format-post-format-gallery"],"acf":[],"_links":{"self":[{"href":"https:\/\/vegagroup.al\/sq\/wp-json\/wp\/v2\/posts\/22848","targetHints":{"allow":["GET"]}}],"collection":[{"href":"https:\/\/vegagroup.al\/sq\/wp-json\/wp\/v2\/posts"}],"about":[{"href":"https:\/\/vegagroup.al\/sq\/wp-json\/wp\/v2\/types\/post"}],"author":[{"embeddable":true,"href":"https:\/\/vegagroup.al\/sq\/wp-json\/wp\/v2\/users\/4"}],"replies":[{"embeddable":true,"href":"https:\/\/vegagroup.al\/sq\/wp-json\/wp\/v2\/comments?post=22848"}],"version-history":[{"count":5,"href":"https:\/\/vegagroup.al\/sq\/wp-json\/wp\/v2\/posts\/22848\/revisions"}],"predecessor-version":[{"id":22865,"href":"https:\/\/vegagroup.al\/sq\/wp-json\/wp\/v2\/posts\/22848\/revisions\/22865"}],"wp:featuredmedia":[{"embeddable":true,"href":"https:\/\/vegagroup.al\/sq\/wp-json\/wp\/v2\/media\/22014"}],"wp:attachment":[{"href":"https:\/\/vegagroup.al\/sq\/wp-json\/wp\/v2\/media?parent=22848"}],"wp:term":[{"taxonomy":"category","embeddable":true,"href":"https:\/\/vegagroup.al\/sq\/wp-json\/wp\/v2\/categories?post=22848"},{"taxonomy":"post_tag","embeddable":true,"href":"https:\/\/vegagroup.al\/sq\/wp-json\/wp\/v2\/tags?post=22848"}],"curies":[{"name":"wp","href":"https:\/\/api.w.org\/{rel}","templated":true}]}}